{"id":1017,"date":"2018-06-13T16:05:10","date_gmt":"2018-06-13T15:05:10","guid":{"rendered":"http:\/\/insersport.ufec.cat\/?p=1017"},"modified":"2018-06-14T15:27:11","modified_gmt":"2018-06-14T14:27:11","slug":"la-fundacion-de-la-ufec-en-el-congreso-de-fundraising-de-la-aef","status":"publish","type":"post","link":"https:\/\/ufec.cat\/insersport\/es\/la-fundacion-de-la-ufec-en-el-congreso-de-fundraising-de-la-aef\/","title":{"rendered":"La Fundaci\u00f3n de la UFEC, en el congreso de fundraising de la AEF"},"content":{"rendered":"<p>Esta semana se est\u00e1 celebrando la decimoctava edici\u00f3n del Congreso de\u00a0Fundraising\u00a0que anualmente organiza la Asociaci\u00f3n Espa\u00f1ola de\u00a0Fundraising\u00a0(AEF) en Madrid (12-14 de junio). El encuentro re\u00fane los profesionales del sector y da la oportunidad de conocer y escuchar las experiencias de los ponentes nacionales e internacionales de m\u00e1s alto nivel en la captaci\u00f3n de fondos.<\/p>\n<p>Organizaciones del \u00e1mbito social, profesionales individuales, peque\u00f1as y medianas asociaciones y fundaciones establecen v\u00ednculos para mejorar sus estrategias de\u00a0<em>fundraising<\/em>. C\u00f3mo recaudar fondos con peque\u00f1as contribuciones, c\u00f3mo integrar las campa\u00f1as de captaci\u00f3n y comunicaci\u00f3n o el\u00a0<em>branding<\/em>\u00a0son algunas de las ponencias del congreso.<!--more--><br \/>\nLa Fundaci\u00f3n\u00a0UFEC\u00a0asiste a las sesiones magistrales para ampliar \u201csu conocimiento sobre las \u00faltimas estrategias que existen en el mundo para captar fondos y ejecutar nuestros proyectos\u201d, explica Mil\u00e9sima de\u00a0Murga, responsable de Acci\u00f3n Social de la\u00a0UFEC\u00a0y\u00a0co-directora\u00a0de la fundaci\u00f3n. INSERsport, el proyecto social estrella de la entidad, se podr\u00e1 beneficiar de las nuevas tendencias digitales para conseguir fondos. \u201cSi mejoramos la captaci\u00f3n, m\u00e1s j\u00f3venes podr\u00e1n salir de la exclusi\u00f3n\u201d, ha a\u00f1adido De Murga.<\/p>\n<p><img loading=\"lazy\" class=\"size-medium wp-image-1013 aligncenter\" src=\"https:\/\/ufec.cat\/insersport\/wp-content\/uploads\/2018\/06\/180613_INSERsport_congresFundraising_web2-300x168.jpeg\" alt=\"pon\u00e8ncia del congr\u00e9s de fundraising\" width=\"300\" height=\"168\" srcset=\"https:\/\/ufec.cat\/insersport\/wp-content\/uploads\/2018\/06\/180613_INSERsport_congresFundraising_web2-300x168.jpeg 300w, https:\/\/ufec.cat\/insersport\/wp-content\/uploads\/2018\/06\/180613_INSERsport_congresFundraising_web2-768x431.jpeg 768w, https:\/\/ufec.cat\/insersport\/wp-content\/uploads\/2018\/06\/180613_INSERsport_congresFundraising_web2-1024x575.jpeg 1024w, https:\/\/ufec.cat\/insersport\/wp-content\/uploads\/2018\/06\/180613_INSERsport_congresFundraising_web2.jpeg 1229w\" sizes=\"(max-width: 300px) 100vw, 300px\" \/><\/p>\n","protected":false},"excerpt":{"rendered":"<p>Esta semana se est\u00e1 celebrando la decimoctava edici\u00f3n del Congreso de\u00a0Fundraising\u00a0que anualmente organiza la Asociaci\u00f3n Espa\u00f1ola de\u00a0Fundraising\u00a0(AEF) en Madrid (12-14 de junio). El encuentro re\u00fane los profesionales del sector y&#8230;<\/p>\n","protected":false},"author":1,"featured_media":1012,"comment_status":"open","ping_status":"closed","sticky":false,"template":"","format":"standard","meta":[],"categories":[5],"tags":[18,20,21],"_links":{"self":[{"href":"https:\/\/ufec.cat\/insersport\/es\/wp-json\/wp\/v2\/posts\/1017"}],"collection":[{"href":"https:\/\/ufec.cat\/insersport\/es\/wp-json\/wp\/v2\/posts"}],"about":[{"href":"https:\/\/ufec.cat\/insersport\/es\/wp-json\/wp\/v2\/types\/post"}],"author":[{"embeddable":true,"href":"https:\/\/ufec.cat\/insersport\/es\/wp-json\/wp\/v2\/users\/1"}],"replies":[{"embeddable":true,"href":"https:\/\/ufec.cat\/insersport\/es\/wp-json\/wp\/v2\/comments?post=1017"}],"version-history":[{"count":1,"href":"https:\/\/ufec.cat\/insersport\/es\/wp-json\/wp\/v2\/posts\/1017\/revisions"}],"predecessor-version":[{"id":1018,"href":"https:\/\/ufec.cat\/insersport\/es\/wp-json\/wp\/v2\/posts\/1017\/revisions\/1018"}],"wp:featuredmedia":[{"embeddable":true,"href":"https:\/\/ufec.cat\/insersport\/es\/wp-json\/wp\/v2\/media\/1012"}],"wp:attachment":[{"href":"https:\/\/ufec.cat\/insersport\/es\/wp-json\/wp\/v2\/media?parent=1017"}],"wp:term":[{"taxonomy":"category","embeddable":true,"href":"https:\/\/ufec.cat\/insersport\/es\/wp-json\/wp\/v2\/categories?post=1017"},{"taxonomy":"post_tag","embeddable":true,"href":"https:\/\/ufec.cat\/insersport\/es\/wp-json\/wp\/v2\/tags?post=1017"}],"curies":[{"name":"wp","href":"https:\/\/api.w.org\/{rel}","templated":true}]}}