{"id":1027,"date":"2018-06-21T19:11:03","date_gmt":"2018-06-21T18:11:03","guid":{"rendered":"http:\/\/insersport.ufec.cat\/?p=1027"},"modified":"2018-06-23T19:15:55","modified_gmt":"2018-06-23T18:15:55","slug":"insersport-ejemplo-de-buenas-practiques-en-europa","status":"publish","type":"post","link":"https:\/\/ufec.cat\/insersport\/es\/insersport-ejemplo-de-buenas-practiques-en-europa\/","title":{"rendered":"INSERsport, ejemplo de buenas pr\u00e1cticas en Europa"},"content":{"rendered":"<p>El proyecto\u00a0<strong>INSERsport<\/strong>\u00a0de <strong>inserci\u00f3n laboral<\/strong> de la\u00a0<strong>UFEC<\/strong>\u00a0ha sido escogido por la organizaci\u00f3n no gubernamental\u00a0Play\u00a0International\u00a0como <strong>ejemplo de buenas pr\u00e1cticas<\/strong>. El programa de la Uni\u00f3 ha sido uno de los siete seleccionados entre muchos candidatos de 15 pa\u00edses diferentes, y esta semana hemos participado en Par\u00eds en un programa de incubaci\u00f3n explicando nuestro aprendizaje y experiencia.<\/p>\n<p>El encuentro, denominada\u00a0<strong>PlayLab\u00a0Incubator Programm<\/strong>, ha sido una reflexi\u00f3n abierta y transparente donde todas las organizaciones seleccionadas han relatado c\u00f3mo han trabajado con los refugiados y j\u00f3venes, c\u00f3mo han desarrollado las diferentes acciones y cu\u00e1les son los principales obst\u00e1culos que han encontrado. Despu\u00e9s,\u00a0PlayLab\u00a0har\u00e1 un informe con el objectivo de fortalecer la capacidad de las organizaciones participantes y aumentar el impacto de los proyectos emergentes.<!--more--><\/p>\n<p>En Europa, <strong>el deporte es una potente herramienta para romper las barreras entre los refugiados que llegan y las diferentes comunidades que los acogen<\/strong>. Durante el 2015 y el 2016, m\u00e1s de 2,5 millones de refugiados llegaron al viejo continente buscando seguridad. La incubadora de proyectos, donde ha participado la\u00a0UFEC, incluye diferentes organizaciones que tienen programas innovadores y emergentes para apoyar a estas personas. A trav\u00e9s del deporte, todos estos proyectos, como\u00a0INSERsport, trabajan por la prevenci\u00f3n, la inclusi\u00f3n social, la resoluci\u00f3n de conflictos, la educaci\u00f3n y la promoci\u00f3n de la salud.<\/p>\n<p><img loading=\"lazy\" class=\"size-medium wp-image-1022 aligncenter\" src=\"https:\/\/ufec.cat\/insersport\/wp-content\/uploads\/2018\/06\/180621_INSERsport_Incubadora-Pari\u0301s-2-300x193.jpg\" alt=\"\" width=\"300\" height=\"193\" srcset=\"https:\/\/ufec.cat\/insersport\/wp-content\/uploads\/2018\/06\/180621_INSERsport_Incubadora-Pari\u0301s-2-300x193.jpg 300w, https:\/\/ufec.cat\/insersport\/wp-content\/uploads\/2018\/06\/180621_INSERsport_Incubadora-Pari\u0301s-2-768x494.jpg 768w, https:\/\/ufec.cat\/insersport\/wp-content\/uploads\/2018\/06\/180621_INSERsport_Incubadora-Pari\u0301s-2-1024x659.jpg 1024w, https:\/\/ufec.cat\/insersport\/wp-content\/uploads\/2018\/06\/180621_INSERsport_Incubadora-Pari\u0301s-2.jpg 1600w\" sizes=\"(max-width: 300px) 100vw, 300px\" \/><\/p>\n<p><img loading=\"lazy\" class=\"size-medium wp-image-1024 aligncenter\" src=\"https:\/\/ufec.cat\/insersport\/wp-content\/uploads\/2018\/06\/180621_INSERsport_Incubadora-Pari\u0301s-1-300x167.jpg\" alt=\"\" width=\"300\" height=\"167\" srcset=\"https:\/\/ufec.cat\/insersport\/wp-content\/uploads\/2018\/06\/180621_INSERsport_Incubadora-Pari\u0301s-1-300x167.jpg 300w, https:\/\/ufec.cat\/insersport\/wp-content\/uploads\/2018\/06\/180621_INSERsport_Incubadora-Pari\u0301s-1-768x427.jpg 768w, https:\/\/ufec.cat\/insersport\/wp-content\/uploads\/2018\/06\/180621_INSERsport_Incubadora-Pari\u0301s-1-1024x570.jpg 1024w\" sizes=\"(max-width: 300px) 100vw, 300px\" \/><br \/>\nPrecisamente este pasado mi\u00e9rcoles d\u00eda 20, se celebr\u00f3 el <strong>D\u00eda Mundial de Refugiado<\/strong>. Los otros proyectos seleccionados para participar en la incubadora, financiada por la Comisi\u00f3n Europea, proven\u00edan de Grecia, Francia, Italia, Alemania, Austria y Escocia.<\/p>\n<p>Play\u00a0International\u00a0es la ONG pionera en el uso del deporte para la educaci\u00f3n y el cambio social. Desde el a\u00f1o 1999 ha ayudado a m\u00e1s de medio mill\u00f3n de ni\u00f1os en doce pa\u00edses a trav\u00e9s de sus programas.<\/p>\n<p>En <a href=\"http:\/\/pl4y.international\/fr\/press_room\/actu\/programme_dincubation__sport_et_refugies.html\" target=\"_blank\" rel=\"noopener\">este enlace<\/a> pod\u00e9is consultar los 7 proyectos seleccionados.<\/p>\n<p>&nbsp;<\/p>\n","protected":false},"excerpt":{"rendered":"<p>El proyecto\u00a0INSERsport\u00a0de inserci\u00f3n laboral de la\u00a0UFEC\u00a0ha sido escogido por la organizaci\u00f3n no gubernamental\u00a0Play\u00a0International\u00a0como ejemplo de buenas pr\u00e1cticas. El programa de la Uni\u00f3 ha sido uno de los siete seleccionados entre&#8230;<\/p>\n","protected":false},"author":1,"featured_media":1021,"comment_status":"open","ping_status":"closed","sticky":false,"template":"","format":"standard","meta":[],"categories":[5],"tags":[18,39,53,21,51],"_links":{"self":[{"href":"https:\/\/ufec.cat\/insersport\/es\/wp-json\/wp\/v2\/posts\/1027"}],"collection":[{"href":"https:\/\/ufec.cat\/insersport\/es\/wp-json\/wp\/v2\/posts"}],"about":[{"href":"https:\/\/ufec.cat\/insersport\/es\/wp-json\/wp\/v2\/types\/post"}],"author":[{"embeddable":true,"href":"https:\/\/ufec.cat\/insersport\/es\/wp-json\/wp\/v2\/users\/1"}],"replies":[{"embeddable":true,"href":"https:\/\/ufec.cat\/insersport\/es\/wp-json\/wp\/v2\/comments?post=1027"}],"version-history":[{"count":2,"href":"https:\/\/ufec.cat\/insersport\/es\/wp-json\/wp\/v2\/posts\/1027\/revisions"}],"predecessor-version":[{"id":1029,"href":"https:\/\/ufec.cat\/insersport\/es\/wp-json\/wp\/v2\/posts\/1027\/revisions\/1029"}],"wp:featuredmedia":[{"embeddable":true,"href":"https:\/\/ufec.cat\/insersport\/es\/wp-json\/wp\/v2\/media\/1021"}],"wp:attachment":[{"href":"https:\/\/ufec.cat\/insersport\/es\/wp-json\/wp\/v2\/media?parent=1027"}],"wp:term":[{"taxonomy":"category","embeddable":true,"href":"https:\/\/ufec.cat\/insersport\/es\/wp-json\/wp\/v2\/categories?post=1027"},{"taxonomy":"post_tag","embeddable":true,"href":"https:\/\/ufec.cat\/insersport\/es\/wp-json\/wp\/v2\/tags?post=1027"}],"curies":[{"name":"wp","href":"https:\/\/api.w.org\/{rel}","templated":true}]}}