{"id":1142,"date":"2018-07-09T14:03:43","date_gmt":"2018-07-09T13:03:43","guid":{"rendered":"http:\/\/insersport.ufec.cat\/?p=1142"},"modified":"2018-07-09T14:03:43","modified_gmt":"2018-07-09T13:03:43","slug":"la-fuerza-social-del-deporte","status":"publish","type":"post","link":"https:\/\/ufec.cat\/insersport\/es\/la-fuerza-social-del-deporte\/","title":{"rendered":"La fuerza social del deporte"},"content":{"rendered":"<h3><em>La Federaci\u00f3n Catalana de Automovilismo beca uno de los j\u00f3venes de\u00a0INSERsport<\/em><\/h3>\n<p><strong>Alejandro<\/strong> tiene un sue\u00f1o. Llega el\u00a0monoplaza\u00a0que frena en seco, los mec\u00e1nicos lo levantan. Son 600 kg. Se desmontan los neum\u00e1ticos, se colocan los nuevos en posici\u00f3n. Se encaja la primera rueda, y as\u00ed hasta la cuarta. En total pasan poco m\u00e1s de tres segundos. Este es uno de los tiempos medianos de los \u2018pit\u00a0stops\u2019, las paradas de los coches de\u00a0F\u00f3rmula\u00a01 cuando hacen paradas t\u00e9cnicas en las carreras. Ahora, este joven de 17 a\u00f1os y residente en l&#8217;Hospitalet de Llobregat tendr\u00e1 la posibilidad de estar m\u00e1s cerca de su sue\u00f1o gracias a una beca de la <strong>Federaci\u00f3n Catalana de Automovilismo<\/strong> y el <strong>programa\u00a0INSERsport\u00a0de la\u00a0UFEC<\/strong>.<!--more--><\/p>\n<p><strong>Alejandro\u00a0Estaun<\/strong>\u00a0siempre ha sentido una gran pasi\u00f3n por el mundo de la mec\u00e1nica y del motor, pero no ha dispuesto de los medios necesarios para poder iniciarse en este sector que tanto anhela. \u201cMi sue\u00f1o es llegar a ser mec\u00e1nico de competici\u00f3n\u201d, comenta. Pero en los \u00faltimos meses todo ha cambiado para \u00e9l. A trav\u00e9s del educador social que lo acompa\u00f1a en la Oficina Joven de l\u2019Hospitalet, le surgi\u00f3 la oportunidad de participar en un curso de formaci\u00f3n de\u00a0INSERsport\u00a0y la Federaci\u00f3n Catalana de Automovilismo. Realizado por la escuela formativa RC\u00a0Group\u00a0del club\u00a0Skualo-Competici\u00f3n, el programa naci\u00f3 con la intenci\u00f3n de acercar un deporte de \u00e9lites como es el automovilismo a personas con riesgo de exclusi\u00f3n social. Los contenidos que se trabajaron, de forma te\u00f3rica y pr\u00e1ctica, fueron sobre todo a nivel mec\u00e1nico, como el funcionamiento de los motores o la din\u00e1mica del coche.<\/p>\n<blockquote><p><img loading=\"lazy\" class=\"alignnone wp-image-1137 size-large\" src=\"https:\/\/ufec.cat\/insersport\/wp-content\/uploads\/2018\/07\/180709_LaForc\u0327aSocialEsport_INSERsport_foto2-1024x683.jpg\" alt=\"\" width=\"1024\" height=\"683\" srcset=\"https:\/\/ufec.cat\/insersport\/wp-content\/uploads\/2018\/07\/180709_LaForc\u0327aSocialEsport_INSERsport_foto2-1024x683.jpg 1024w, https:\/\/ufec.cat\/insersport\/wp-content\/uploads\/2018\/07\/180709_LaForc\u0327aSocialEsport_INSERsport_foto2-300x200.jpg 300w, https:\/\/ufec.cat\/insersport\/wp-content\/uploads\/2018\/07\/180709_LaForc\u0327aSocialEsport_INSERsport_foto2-768x512.jpg 768w\" sizes=\"(max-width: 1024px) 100vw, 1024px\" \/>La beca permitir\u00e1 Alejandro (primero por la izquierda) seguir form\u00e1ndose para hacer realidad su sue\u00f1o<\/p><\/blockquote>\n<p>\u201cValoro muy bien el curso puesto que gran parte de la informaci\u00f3n nos la transmit\u00edan de forma pr\u00e1ctica, tocando motores y participando activamente a la sesi\u00f3n\u201d, explica Alejandro. Gracias a la pasi\u00f3n por la mec\u00e1nica que ha mostrado Alejandro y a su implicaci\u00f3n en el curso, seg\u00fan explica Sergi\u00a0Yborra, responsable de la formaci\u00f3n, han seleccionado el joven para acceder a una beca de la misma escuela para continuar su formaci\u00f3n en este campo. Ser\u00e1 una instrucci\u00f3n de un a\u00f1o de duraci\u00f3n valorada en m\u00e1s de cuatro mil euros, y reconocida por diferentes equipos automovil\u00edsticos. \u201cCreo que es una oportunidad que no puedo desaprovechar. Me ayudar\u00e1 mucho a mejorar como mec\u00e1nico y es un gran paso que me acerca a lo que quiero llegar a ser. Estar\u00e9 muy atento siempre en todo y pendiente de las clases\u201d, asegura Alejandro.<\/p>\n<p><strong>Oportunidad para j\u00f3venes en una situaci\u00f3n compleja<\/strong><br \/>\nM\u00e1s del 30% de los j\u00f3venes europeos est\u00e1n en paro y esta cifra se incrementa en el estado espa\u00f1ol, seg\u00fan datos de la\u00a0Organizaci\u00f3n\u00a0para la\u00a0Cooperaci\u00f3n\u00a0y\u00a0el\u00a0Desarrollo\u00a0Econ\u00f3micos\u00a0(OCDE). En cifras absolutas, en Catalu\u00f1a hay 143.600 j\u00f3venes en el paro. Las pol\u00edticas sociales tratan de hacer frente a esta problem\u00e1tica, pero se ven desbordadas por la cantidad de j\u00f3venes en esta situaci\u00f3n. Tener un trabajo representa una herramienta muy importante para luchar contra la pobreza y la exclusi\u00f3n social. Y este es el objetivo de\u00a0INSERsport: dar la oportunidad a j\u00f3venes en una situaci\u00f3n compleja de iniciarse en el mundo laboral a trav\u00e9s del deporte y, muchas veces, de cumplir sus sue\u00f1os.<\/p>\n<p>Alejandro\u00a0Estaun\u00a0sue\u00f1a con ser mec\u00e1nico de competici\u00f3n, y este programa le ha dado la oportunidad y le ha permitido dar el primer paso de un largo camino que, con dedicaci\u00f3n y pasi\u00f3n, lo puede llevar a hacer realidad su sue\u00f1o.<\/p>\n<blockquote><p>INSERsport\u00a0da una oportunidad a j\u00f3venes en riesgo de exclusi\u00f3n<\/p><\/blockquote>\n","protected":false},"excerpt":{"rendered":"<p>La Federaci\u00f3n Catalana de Automovilismo beca uno de los j\u00f3venes de\u00a0INSERsport Alejandro tiene un sue\u00f1o. Llega el\u00a0monoplaza\u00a0que frena en seco, los mec\u00e1nicos lo levantan. Son 600 kg. Se desmontan los&#8230;<\/p>\n","protected":false},"author":1,"featured_media":1136,"comment_status":"open","ping_status":"closed","sticky":false,"template":"","format":"standard","meta":[],"categories":[5],"tags":[48,49,39,34,20,21,51],"_links":{"self":[{"href":"https:\/\/ufec.cat\/insersport\/es\/wp-json\/wp\/v2\/posts\/1142"}],"collection":[{"href":"https:\/\/ufec.cat\/insersport\/es\/wp-json\/wp\/v2\/posts"}],"about":[{"href":"https:\/\/ufec.cat\/insersport\/es\/wp-json\/wp\/v2\/types\/post"}],"author":[{"embeddable":true,"href":"https:\/\/ufec.cat\/insersport\/es\/wp-json\/wp\/v2\/users\/1"}],"replies":[{"embeddable":true,"href":"https:\/\/ufec.cat\/insersport\/es\/wp-json\/wp\/v2\/comments?post=1142"}],"version-history":[{"count":1,"href":"https:\/\/ufec.cat\/insersport\/es\/wp-json\/wp\/v2\/posts\/1142\/revisions"}],"predecessor-version":[{"id":1143,"href":"https:\/\/ufec.cat\/insersport\/es\/wp-json\/wp\/v2\/posts\/1142\/revisions\/1143"}],"wp:featuredmedia":[{"embeddable":true,"href":"https:\/\/ufec.cat\/insersport\/es\/wp-json\/wp\/v2\/media\/1136"}],"wp:attachment":[{"href":"https:\/\/ufec.cat\/insersport\/es\/wp-json\/wp\/v2\/media?parent=1142"}],"wp:term":[{"taxonomy":"category","embeddable":true,"href":"https:\/\/ufec.cat\/insersport\/es\/wp-json\/wp\/v2\/categories?post=1142"},{"taxonomy":"post_tag","embeddable":true,"href":"https:\/\/ufec.cat\/insersport\/es\/wp-json\/wp\/v2\/tags?post=1142"}],"curies":[{"name":"wp","href":"https:\/\/api.w.org\/{rel}","templated":true}]}}