{"id":1799,"date":"2019-05-24T15:18:14","date_gmt":"2019-05-24T14:18:14","guid":{"rendered":"http:\/\/insersport.ufec.cat\/adoro-la-motivacion-de-estos-chicos-y-chicas\/"},"modified":"2019-06-14T09:02:06","modified_gmt":"2019-06-14T08:02:06","slug":"adoro-la-motivacion-de-estos-chicos-y-chicas","status":"publish","type":"post","link":"https:\/\/ufec.cat\/insersport\/es\/adoro-la-motivacion-de-estos-chicos-y-chicas\/","title":{"rendered":"\u201cAdoro la motivaci\u00f3n de estos chicos y chicas\u201d"},"content":{"rendered":"<p><em>La formaci\u00f3n de futbol 11 de INSERsport ha finalizado esta semana<\/em><\/p>\n<p><strong>Eduardo Castillo<\/strong> solo lleva dos a\u00f1os impartiendo formaciones para el t\u00edtulo de Monitor de Futbol de la Federaci\u00f3 Catalana de Futbol, pero ya comienza a percibir la gratitud y el reconocimiento que su trabajo genera.<!--more--><\/p>\n<p>Reci\u00e9n aterrizado en INSERsport, este formador est\u00e1 encantado con la experiencia de trabajar con chicos en riesgo de exclusi\u00f3n social: \u201cEl grupo que me ha tocado es fant\u00e1stico. Responden con atenci\u00f3n a clases te\u00f3ricas de entre tres y cuatro horas y con compromiso en las demostraciones pr\u00e1cticas\u201d. Adem\u00e1s, el t\u00e9cnico a\u00f1ade que adora la motivaci\u00f3n de sus pupilos, ya que \u201csi dise\u00f1o una jugada, mueren por el gol que acabamos de trazar\u201d.<br \/>\n<img loading=\"lazy\" class=\"aligncenter size-medium wp-image-1772\" src=\"https:\/\/ufec.cat\/insersport\/wp-content\/uploads\/2019\/05\/Eduardo-Castillo-300x186.png\" alt=\"\" width=\"300\" height=\"186\" srcset=\"https:\/\/ufec.cat\/insersport\/wp-content\/uploads\/2019\/05\/Eduardo-Castillo-300x186.png 300w, https:\/\/ufec.cat\/insersport\/wp-content\/uploads\/2019\/05\/Eduardo-Castillo.png 639w\" sizes=\"(max-width: 300px) 100vw, 300px\" \/><\/p>\n<p>Una de las claves de esta satisfacci\u00f3n profesional radica en el ambiente de fraternidad creado en el aula y la pista. Uno de sus art\u00edfices es Eric Luque, de 16 a\u00f1os, que tilda a los que le han acompa\u00f1ado en este camino de \u201cbuenos amigos\u201d, ya que \u201cuna vez comienzas a abrirte con un colectivo, ya no puedes considerarlos compa\u00f1eros sin m\u00e1s\u201d.<br \/>\n<img loading=\"lazy\" class=\"aligncenter size-medium wp-image-1742\" src=\"https:\/\/ufec.cat\/insersport\/wp-content\/uploads\/2019\/05\/eric-foto-perfil-256x300.png\" alt=\"\" width=\"256\" height=\"300\" srcset=\"https:\/\/ufec.cat\/insersport\/wp-content\/uploads\/2019\/05\/eric-foto-perfil-256x300.png 256w, https:\/\/ufec.cat\/insersport\/wp-content\/uploads\/2019\/05\/eric-foto-perfil-768x900.png 768w, https:\/\/ufec.cat\/insersport\/wp-content\/uploads\/2019\/05\/eric-foto-perfil-874x1024.png 874w, https:\/\/ufec.cat\/insersport\/wp-content\/uploads\/2019\/05\/eric-foto-perfil.png 968w\" sizes=\"(max-width: 256px) 100vw, 256px\" \/>La situaci\u00f3n externa de cada uno de los miembros se ve tambi\u00e9n reflejada en el funcionamiento coral. \u201cEl entorno es clave cuando quieres apuntarte a una formaci\u00f3n: que tus padres te pongan pegas no crea el mismo efecto de seguridad que cuando la aprueban\u201d, recuerda <strong>Adri\u00e0 L\u00f3pez<\/strong>, de 18 a\u00f1os, que ha podido sumarse y destacarse en INSERsport gracias a valores paternos como el esfuerzo y el sacrificio.<\/p>\n<p>Otros, como <strong>Mohamed Oulad<\/strong>, ponen la mira en la flexibilidad de un curso que \u201cpermite su compaginaci\u00f3n con los estudios o un trabajo estable\u201d. Para Mohamed, el \u00e9xito de la formaci\u00f3n radica en su pragmatismo. \u201cNo solo supone una salida clara al mundo laboral, sino que tambi\u00e9n ayuda a extraer aprendizajes \u00fatiles, sobre todo de la hora de psicolog\u00eda de los jueves, que te permite trabajar la gesti\u00f3n emocional o la comunicaci\u00f3n\u201d, ha declarado el joven de 17 a\u00f1os, encantado con un proyecto que no para de crecer.<br \/>\n<img loading=\"lazy\" class=\"aligncenter size-medium wp-image-1743\" src=\"https:\/\/ufec.cat\/insersport\/wp-content\/uploads\/2019\/05\/mohamed-foto-perfil-256x300.png\" alt=\"\" width=\"256\" height=\"300\" srcset=\"https:\/\/ufec.cat\/insersport\/wp-content\/uploads\/2019\/05\/mohamed-foto-perfil-256x300.png 256w, https:\/\/ufec.cat\/insersport\/wp-content\/uploads\/2019\/05\/mohamed-foto-perfil-768x900.png 768w, https:\/\/ufec.cat\/insersport\/wp-content\/uploads\/2019\/05\/mohamed-foto-perfil-874x1024.png 874w, https:\/\/ufec.cat\/insersport\/wp-content\/uploads\/2019\/05\/mohamed-foto-perfil.png 968w\" sizes=\"(max-width: 256px) 100vw, 256px\" \/><\/p>\n","protected":false},"excerpt":{"rendered":"<p>La formaci\u00f3n de futbol 11 de INSERsport ha finalizado esta semana Eduardo Castillo solo lleva dos a\u00f1os impartiendo formaciones para el t\u00edtulo de Monitor de Futbol de la Federaci\u00f3 Catalana&#8230;<\/p>\n","protected":false},"author":1,"featured_media":1781,"comment_status":"open","ping_status":"closed","sticky":false,"template":"","format":"standard","meta":[],"categories":[5],"tags":[],"_links":{"self":[{"href":"https:\/\/ufec.cat\/insersport\/es\/wp-json\/wp\/v2\/posts\/1799"}],"collection":[{"href":"https:\/\/ufec.cat\/insersport\/es\/wp-json\/wp\/v2\/posts"}],"about":[{"href":"https:\/\/ufec.cat\/insersport\/es\/wp-json\/wp\/v2\/types\/post"}],"author":[{"embeddable":true,"href":"https:\/\/ufec.cat\/insersport\/es\/wp-json\/wp\/v2\/users\/1"}],"replies":[{"embeddable":true,"href":"https:\/\/ufec.cat\/insersport\/es\/wp-json\/wp\/v2\/comments?post=1799"}],"version-history":[{"count":4,"href":"https:\/\/ufec.cat\/insersport\/es\/wp-json\/wp\/v2\/posts\/1799\/revisions"}],"predecessor-version":[{"id":1949,"href":"https:\/\/ufec.cat\/insersport\/es\/wp-json\/wp\/v2\/posts\/1799\/revisions\/1949"}],"wp:featuredmedia":[{"embeddable":true,"href":"https:\/\/ufec.cat\/insersport\/es\/wp-json\/wp\/v2\/media\/1781"}],"wp:attachment":[{"href":"https:\/\/ufec.cat\/insersport\/es\/wp-json\/wp\/v2\/media?parent=1799"}],"wp:term":[{"taxonomy":"category","embeddable":true,"href":"https:\/\/ufec.cat\/insersport\/es\/wp-json\/wp\/v2\/categories?post=1799"},{"taxonomy":"post_tag","embeddable":true,"href":"https:\/\/ufec.cat\/insersport\/es\/wp-json\/wp\/v2\/tags?post=1799"}],"curies":[{"name":"wp","href":"https:\/\/api.w.org\/{rel}","templated":true}]}}