{"id":1945,"date":"2019-05-16T08:59:42","date_gmt":"2019-05-16T07:59:42","guid":{"rendered":"http:\/\/insersport.ufec.cat\/insersport-en-una-jornada-organizada-por-nike\/"},"modified":"2019-06-14T09:01:04","modified_gmt":"2019-06-14T08:01:04","slug":"insersport-en-una-jornada-organizada-por-nike","status":"publish","type":"post","link":"https:\/\/ufec.cat\/insersport\/es\/insersport-en-una-jornada-organizada-por-nike\/","title":{"rendered":"INSERsport, en una jornada organizada por Nike"},"content":{"rendered":"<p>Esta semana hemos explicado\u00a0INSERsport\u00a0en una sesi\u00f3n de\u00a0<em>networking<\/em>\u00a0organizada por la empresa Nike, que por primera vez ha destinado ayudas econ\u00f3micas a proyectos sociales. La jornada se celebr\u00f3 en la sede de la filial ib\u00e9rica de la multinacional americana ena Barcelona.<!--more--><\/p>\n<p>Durante el acto, tuvimos la oportunidad de dar a conocer el proyecto, que este 2019 se encuentra en su tercera edici\u00f3n, y explicar como naci\u00f3 y como se gestiona. Tere\u00a0Osorio, psic\u00f3loga t\u00e9cnica de\u00a0INSERsport, relat\u00f3 c\u00f3mo se coordina el programa poniendo en valor su modelo donde participan entidades del Tercer Sector social, federaciones deportivas catalanas y la misma Uni\u00f3 de Federacions Esportives de Catalunya (UFEC). Este a\u00f1o,\u00a0INSERsport\u00a0ha salido de Barcelona y tambi\u00e9n se est\u00e1n haciendo formaciones en Sant Adri\u00e0 de Bes\u00f2s, Sabadell y Premi\u00e0 de Dalt.<\/p>\n<p><img loading=\"lazy\" class=\"aligncenter size-medium wp-image-1941\" src=\"https:\/\/ufec.cat\/insersport\/wp-content\/uploads\/2019\/06\/190516_INSERsport_acte-NIKE-3-xxss-300x194.jpg\" alt=\"\" width=\"300\" height=\"194\" srcset=\"https:\/\/ufec.cat\/insersport\/wp-content\/uploads\/2019\/06\/190516_INSERsport_acte-NIKE-3-xxss-300x194.jpg 300w, https:\/\/ufec.cat\/insersport\/wp-content\/uploads\/2019\/06\/190516_INSERsport_acte-NIKE-3-xxss-768x497.jpg 768w, https:\/\/ufec.cat\/insersport\/wp-content\/uploads\/2019\/06\/190516_INSERsport_acte-NIKE-3-xxss-1024x662.jpg 1024w\" sizes=\"(max-width: 300px) 100vw, 300px\" \/>El proyecto de formaci\u00f3n e inserci\u00f3n laboral de la\u00a0UFEC\u00a0cuenta con el apoyo de Nike\u00a0Community Impact\u00a0Fund, administrado por la King\u00a0Baudouin Foundation. La nuestra, ha sido una de las 10 propuestas por las cuales ha apostado en su campa\u00f1a de ayudas a entidades sin \u00e1nimo de lucro que promueven el deporte entre colectivos vulnerables y que tienen un impacto real en la sociedad. En la sesi\u00f3n tambi\u00e9n pudimos conocer los detalles otras propuestas, como la de la Gasol\u00a0Foundation\u00a0o la Federaci\u00f3n Salud Mental Catalu\u00f1a, entre otras.<\/p>\n<p><img loading=\"lazy\" class=\"aligncenter size-medium wp-image-1942\" src=\"https:\/\/ufec.cat\/insersport\/wp-content\/uploads\/2019\/06\/190516_INSERsport_acte-NIKE-2-xxss-300x208.jpg\" alt=\"\" width=\"300\" height=\"208\" srcset=\"https:\/\/ufec.cat\/insersport\/wp-content\/uploads\/2019\/06\/190516_INSERsport_acte-NIKE-2-xxss-300x208.jpg 300w, https:\/\/ufec.cat\/insersport\/wp-content\/uploads\/2019\/06\/190516_INSERsport_acte-NIKE-2-xxss-768x532.jpg 768w, https:\/\/ufec.cat\/insersport\/wp-content\/uploads\/2019\/06\/190516_INSERsport_acte-NIKE-2-xxss-1024x710.jpg 1024w\" sizes=\"(max-width: 300px) 100vw, 300px\" \/><\/p>\n","protected":false},"excerpt":{"rendered":"<p>Esta semana hemos explicado\u00a0INSERsport\u00a0en una sesi\u00f3n de\u00a0networking\u00a0organizada por la empresa Nike, que por primera vez ha destinado ayudas econ\u00f3micas a proyectos sociales. La jornada se celebr\u00f3 en la sede de&#8230;<\/p>\n","protected":false},"author":1,"featured_media":1939,"comment_status":"open","ping_status":"closed","sticky":false,"template":"","format":"standard","meta":[],"categories":[5],"tags":[],"_links":{"self":[{"href":"https:\/\/ufec.cat\/insersport\/es\/wp-json\/wp\/v2\/posts\/1945"}],"collection":[{"href":"https:\/\/ufec.cat\/insersport\/es\/wp-json\/wp\/v2\/posts"}],"about":[{"href":"https:\/\/ufec.cat\/insersport\/es\/wp-json\/wp\/v2\/types\/post"}],"author":[{"embeddable":true,"href":"https:\/\/ufec.cat\/insersport\/es\/wp-json\/wp\/v2\/users\/1"}],"replies":[{"embeddable":true,"href":"https:\/\/ufec.cat\/insersport\/es\/wp-json\/wp\/v2\/comments?post=1945"}],"version-history":[{"count":2,"href":"https:\/\/ufec.cat\/insersport\/es\/wp-json\/wp\/v2\/posts\/1945\/revisions"}],"predecessor-version":[{"id":1948,"href":"https:\/\/ufec.cat\/insersport\/es\/wp-json\/wp\/v2\/posts\/1945\/revisions\/1948"}],"wp:featuredmedia":[{"embeddable":true,"href":"https:\/\/ufec.cat\/insersport\/es\/wp-json\/wp\/v2\/media\/1939"}],"wp:attachment":[{"href":"https:\/\/ufec.cat\/insersport\/es\/wp-json\/wp\/v2\/media?parent=1945"}],"wp:term":[{"taxonomy":"category","embeddable":true,"href":"https:\/\/ufec.cat\/insersport\/es\/wp-json\/wp\/v2\/categories?post=1945"},{"taxonomy":"post_tag","embeddable":true,"href":"https:\/\/ufec.cat\/insersport\/es\/wp-json\/wp\/v2\/tags?post=1945"}],"curies":[{"name":"wp","href":"https:\/\/api.w.org\/{rel}","templated":true}]}}