{"id":1011,"date":"2018-06-13T16:05:26","date_gmt":"2018-06-13T15:05:26","guid":{"rendered":"http:\/\/insersport.ufec.cat\/?p=1011"},"modified":"2018-06-14T15:23:49","modified_gmt":"2018-06-14T14:23:49","slug":"la-fundacio-de-la-ufec-al-congres-de-fundraising-de-aef-captacio-fons","status":"publish","type":"post","link":"https:\/\/ufec.cat\/insersport\/la-fundacio-de-la-ufec-al-congres-de-fundraising-de-aef-captacio-fons\/","title":{"rendered":"La Fundaci\u00f3 de la UFEC, al congr\u00e9s de fundraising de l\u2019AEF"},"content":{"rendered":"<p>Aquesta setmana s\u2019est\u00e0 celebrant la divuitena edici\u00f3 del Congr\u00e9s de Fundraising que anualment organitza l\u2019Associaci\u00f3 Espanyola de Fundraising (AEF) a Madrid (12-14 de juny). La trobada uneix els professionals del sector i dona l\u2019oportunitat de con\u00e8ixer i escoltar les experi\u00e8ncies dels ponents nacionals i internacionals de m\u00e9s alt nivell en la captaci\u00f3 de fons.<\/p>\n<p>Organitzacions de l\u2019\u00e0mbit social, professionals individuals, petites i mitjanes associacions i fundacions estableixen lligams per millorar les seves estrat\u00e8gies de <em>fundraising<\/em>. Com recaptar fons amb petites contribucions, com integrar les campanyes de captaci\u00f3 i comunicaci\u00f3 o el <em>branding<\/em> s\u00f3n algunes de les pon\u00e8ncies del congr\u00e9s.<!--more--><\/p>\n<p>La Fundaci\u00f3 UFEC assisteix a les sessions magistrals per eixamplar \u201cel seu coneixement de les \u00faltimes estrat\u00e8gies que existeixen al m\u00f3n per tal de captar fons i executar els nostres projectes\u201d, explica Milena de Murga, responsable d\u2019Acci\u00f3 Social de la UFEC i codirectora de la fundaci\u00f3. INSERsport, el projecte social estrella de l\u2019entitat, es podr\u00e0 beneficiar de les noves tend\u00e8ncies digitals per aconseguir fons. \u201cSi millorem la captaci\u00f3, m\u00e9s joves podran sortir de l\u2019exclusi\u00f3\u201d, ha afegit De Murga.<\/p>\n<p><img loading=\"lazy\" class=\"size-medium wp-image-1013 aligncenter\" src=\"https:\/\/ufec.cat\/insersport\/wp-content\/uploads\/2018\/06\/180613_INSERsport_congresFundraising_web2-300x168.jpeg\" alt=\"pon\u00e8ncia del congr\u00e9s de fundraising\" width=\"300\" height=\"168\" srcset=\"https:\/\/ufec.cat\/insersport\/wp-content\/uploads\/2018\/06\/180613_INSERsport_congresFundraising_web2-300x168.jpeg 300w, https:\/\/ufec.cat\/insersport\/wp-content\/uploads\/2018\/06\/180613_INSERsport_congresFundraising_web2-768x431.jpeg 768w, https:\/\/ufec.cat\/insersport\/wp-content\/uploads\/2018\/06\/180613_INSERsport_congresFundraising_web2-1024x575.jpeg 1024w, https:\/\/ufec.cat\/insersport\/wp-content\/uploads\/2018\/06\/180613_INSERsport_congresFundraising_web2.jpeg 1229w\" sizes=\"(max-width: 300px) 100vw, 300px\" \/><\/p>\n","protected":false},"excerpt":{"rendered":"<p>Aquesta setmana s\u2019est\u00e0 celebrant la divuitena edici\u00f3 del Congr\u00e9s de Fundraising que anualment organitza l\u2019Associaci\u00f3 Espanyola de Fundraising (AEF) a Madrid (12-14 de juny). La trobada uneix els professionals del&#8230;<\/p>\n","protected":false},"author":1,"featured_media":1012,"comment_status":"open","ping_status":"closed","sticky":false,"template":"","format":"standard","meta":[],"categories":[1],"tags":[36,14,12,15,27],"_links":{"self":[{"href":"https:\/\/ufec.cat\/insersport\/wp-json\/wp\/v2\/posts\/1011"}],"collection":[{"href":"https:\/\/ufec.cat\/insersport\/wp-json\/wp\/v2\/posts"}],"about":[{"href":"https:\/\/ufec.cat\/insersport\/wp-json\/wp\/v2\/types\/post"}],"author":[{"embeddable":true,"href":"https:\/\/ufec.cat\/insersport\/wp-json\/wp\/v2\/users\/1"}],"replies":[{"embeddable":true,"href":"https:\/\/ufec.cat\/insersport\/wp-json\/wp\/v2\/comments?post=1011"}],"version-history":[{"count":3,"href":"https:\/\/ufec.cat\/insersport\/wp-json\/wp\/v2\/posts\/1011\/revisions"}],"predecessor-version":[{"id":1016,"href":"https:\/\/ufec.cat\/insersport\/wp-json\/wp\/v2\/posts\/1011\/revisions\/1016"}],"wp:featuredmedia":[{"embeddable":true,"href":"https:\/\/ufec.cat\/insersport\/wp-json\/wp\/v2\/media\/1012"}],"wp:attachment":[{"href":"https:\/\/ufec.cat\/insersport\/wp-json\/wp\/v2\/media?parent=1011"}],"wp:term":[{"taxonomy":"category","embeddable":true,"href":"https:\/\/ufec.cat\/insersport\/wp-json\/wp\/v2\/categories?post=1011"},{"taxonomy":"post_tag","embeddable":true,"href":"https:\/\/ufec.cat\/insersport\/wp-json\/wp\/v2\/tags?post=1011"}],"curies":[{"name":"wp","href":"https:\/\/api.w.org\/{rel}","templated":true}]}}