{"id":1164,"date":"2018-07-20T11:25:05","date_gmt":"2018-07-20T10:25:05","guid":{"rendered":"http:\/\/insersport.ufec.cat\/?p=1164"},"modified":"2018-08-09T10:45:40","modified_gmt":"2018-08-09T09:45:40","slug":"la-federacio-catalana-de-futbol-sala-entrega-els-diplomes-per-la-formacio-dinsersport","status":"publish","type":"post","link":"https:\/\/ufec.cat\/insersport\/la-federacio-catalana-de-futbol-sala-entrega-els-diplomes-per-la-formacio-dinsersport\/","title":{"rendered":"La Federaci\u00f3 Catalana de Futbol Sala entrega els diplomes per la formaci\u00f3 d\u2019INSERsport"},"content":{"rendered":"[vc_row type=&#8221;in_container&#8221; full_screen_row_position=&#8221;middle&#8221; scene_position=&#8221;center&#8221; text_color=&#8221;dark&#8221; text_align=&#8221;left&#8221; overlay_strength=&#8221;0.3&#8243;][vc_column column_padding=&#8221;no-extra-padding&#8221; column_padding_position=&#8221;all&#8221; background_color_opacity=&#8221;1&#8243; background_hover_color_opacity=&#8221;1&#8243; column_shadow=&#8221;none&#8221; width=&#8221;1\/1&#8243; tablet_text_alignment=&#8221;default&#8221; phone_text_alignment=&#8221;default&#8221; column_border_width=&#8221;none&#8221; column_border_style=&#8221;solid&#8221;][vc_column_text]Tres dels joves que han fet la formaci\u00f3 d&#8217;\u00e0rbitre de futbol sala ja tenen els seus diplomes. La Federaci\u00f3 Catalana de Futbol Sala\u00a0ha finalitzat el curs, que ha durat tres mesos, i dimecres d\u2019aquesta setmana va fer entrega dels certificats federatius.<!--more--><\/p>\n<p>Del gruix de 12 joves que van comen\u00e7ar la formaci\u00f3, quatre han obtingut el certificat. \u201cTot i que no han aprovat tots, l\u2019experi\u00e8ncia ha estat molt profitosa per tothom. Hem fet grup i han fet amistat, que \u00e9s molt important\u201d, explica Jordi Jim\u00e9nez, professor responsable de la formaci\u00f3. \u201cS\u00f3n persones excepcionals i s\u2019han integrat perfectament. Entre ells s\u2019han respectat tot i ser molt diferents i de diferents edats\u201d, assegura. Jim\u00e9nez reconeix que \u201cal principi va ser dif\u00edcil, per l\u2019idioma, perqu\u00e8 molts ni parlaven el castell\u00e0. La classe va ser complicada en un principi, per\u00f2 vam fer moltes classes pr\u00e0ctiques i esport. S\u2019ho van passar molt b\u00e9\u201d.<\/p>\n<p><img loading=\"lazy\" class=\"size-medium wp-image-1166 aligncenter\" src=\"https:\/\/ufec.cat\/insersport\/wp-content\/uploads\/2018\/07\/180720_INSERsport_DiplomesFutbolSala-225x300.jpg\" alt=\"\" width=\"225\" height=\"300\" srcset=\"https:\/\/ufec.cat\/insersport\/wp-content\/uploads\/2018\/07\/180720_INSERsport_DiplomesFutbolSala-225x300.jpg 225w, https:\/\/ufec.cat\/insersport\/wp-content\/uploads\/2018\/07\/180720_INSERsport_DiplomesFutbolSala-768x1024.jpg 768w, https:\/\/ufec.cat\/insersport\/wp-content\/uploads\/2018\/07\/180720_INSERsport_DiplomesFutbolSala.jpg 1200w\" sizes=\"(max-width: 225px) 100vw, 225px\" \/><br \/>\n<img loading=\"lazy\" class=\"size-medium wp-image-1188 aligncenter\" src=\"https:\/\/ufec.cat\/insersport\/wp-content\/uploads\/2018\/07\/180720_INSERsport_FutbolSala7-300x201.jpg\" alt=\"\" width=\"300\" height=\"201\" srcset=\"https:\/\/ufec.cat\/insersport\/wp-content\/uploads\/2018\/07\/180720_INSERsport_FutbolSala7-300x201.jpg 300w, https:\/\/ufec.cat\/insersport\/wp-content\/uploads\/2018\/07\/180720_INSERsport_FutbolSala7-768x514.jpg 768w, https:\/\/ufec.cat\/insersport\/wp-content\/uploads\/2018\/07\/180720_INSERsport_FutbolSala7-1024x685.jpg 1024w, https:\/\/ufec.cat\/insersport\/wp-content\/uploads\/2018\/07\/180720_INSERsport_FutbolSala7-600x403.jpg 600w, https:\/\/ufec.cat\/insersport\/wp-content\/uploads\/2018\/07\/180720_INSERsport_FutbolSala7-400x269.jpg 400w\" sizes=\"(max-width: 300px) 100vw, 300px\" \/><\/p>\n<p>L\u2019esfor\u00e7 i la perseveran\u00e7a ha tingut la seva recompensa. Ara, els joves que han aprovat ja formen part de la Federaci\u00f3 Catalana de Futbol Sala com a \u00e0rbitres en actiu. A partir del setembre treballaran amb la federaci\u00f3 cada cap de setmana i tindran un benefici econ\u00f2mic mensual.[\/vc_column_text][vc_gallery type=&#8221;flexslider_style&#8221; images=&#8221;1173,1174,1175,1176,1177&#8243; onclick=&#8221;link_no&#8221;][\/vc_column][\/vc_row]\n","protected":false},"excerpt":{"rendered":"<p>[vc_row type=&#8221;in_container&#8221; full_screen_row_position=&#8221;middle&#8221; scene_position=&#8221;center&#8221; text_color=&#8221;dark&#8221; text_align=&#8221;left&#8221; overlay_strength=&#8221;0.3&#8243;][vc_column column_padding=&#8221;no-extra-padding&#8221; column_padding_position=&#8221;all&#8221; background_color_opacity=&#8221;1&#8243; background_hover_color_opacity=&#8221;1&#8243; column_shadow=&#8221;none&#8221; width=&#8221;1\/1&#8243; tablet_text_alignment=&#8221;default&#8221; phone_text_alignment=&#8221;default&#8221; column_border_width=&#8221;none&#8221; column_border_style=&#8221;solid&#8221;][vc_column_text]Tres dels joves que han fet la formaci\u00f3 d&#8217;\u00e0rbitre de futbol sala ja tenen&#8230;<\/p>\n","protected":false},"author":1,"featured_media":1171,"comment_status":"open","ping_status":"closed","sticky":false,"template":"","format":"standard","meta":[],"categories":[1],"tags":[54,16,12,15,27],"_links":{"self":[{"href":"https:\/\/ufec.cat\/insersport\/wp-json\/wp\/v2\/posts\/1164"}],"collection":[{"href":"https:\/\/ufec.cat\/insersport\/wp-json\/wp\/v2\/posts"}],"about":[{"href":"https:\/\/ufec.cat\/insersport\/wp-json\/wp\/v2\/types\/post"}],"author":[{"embeddable":true,"href":"https:\/\/ufec.cat\/insersport\/wp-json\/wp\/v2\/users\/1"}],"replies":[{"embeddable":true,"href":"https:\/\/ufec.cat\/insersport\/wp-json\/wp\/v2\/comments?post=1164"}],"version-history":[{"count":4,"href":"https:\/\/ufec.cat\/insersport\/wp-json\/wp\/v2\/posts\/1164\/revisions"}],"predecessor-version":[{"id":1189,"href":"https:\/\/ufec.cat\/insersport\/wp-json\/wp\/v2\/posts\/1164\/revisions\/1189"}],"wp:featuredmedia":[{"embeddable":true,"href":"https:\/\/ufec.cat\/insersport\/wp-json\/wp\/v2\/media\/1171"}],"wp:attachment":[{"href":"https:\/\/ufec.cat\/insersport\/wp-json\/wp\/v2\/media?parent=1164"}],"wp:term":[{"taxonomy":"category","embeddable":true,"href":"https:\/\/ufec.cat\/insersport\/wp-json\/wp\/v2\/categories?post=1164"},{"taxonomy":"post_tag","embeddable":true,"href":"https:\/\/ufec.cat\/insersport\/wp-json\/wp\/v2\/tags?post=1164"}],"curies":[{"name":"wp","href":"https:\/\/api.w.org\/{rel}","templated":true}]}}