{"id":486,"date":"2021-03-25T10:27:21","date_gmt":"2021-03-25T09:27:21","guid":{"rendered":"https:\/\/ufec.cat\/spey\/news\/80-joves-dspey-celebren-el-retorn-de-el-futbol-contra-la-violencia\/"},"modified":"2021-03-25T10:28:12","modified_gmt":"2021-03-25T09:28:12","slug":"80-joves-dspey-celebren-el-retorn-de-el-futbol-contra-la-violencia","status":"publish","type":"post","link":"https:\/\/ufec.cat\/spey\/ca\/news\/80-joves-dspey-celebren-el-retorn-de-el-futbol-contra-la-violencia\/","title":{"rendered":"80 joves d&#8217;SPEY celebren el retorn de el futbol contra la viol\u00e8ncia"},"content":{"rendered":"<p><em>Els joves del projecte SPEY (Sport for Prevention of Extremism i Youth) han repr\u00e8s l&#8217;activitat en els camps de futbol despr\u00e9s de mesos de trobades digitals: el format estrella de la pand\u00e8mia.<\/em><\/p>\n<p>La UFEC ha creat quatre grups de joves en risc d&#8217;exclusi\u00f3 social per jugar a futbol repartits a l&#8217;\u00e0rea metropolitana de Barcelona. Els nois entrenen per transformar les seves dificultats psicosocials en habilitats socials amb l&#8217;ajuda de l\u2019equip t\u00e8cnic d\u2019SPEY. Els joves procedeixen de fam\u00edlies en situaci\u00f3 de vulnerabilitat o centres juvenils i de vegades, tenen dificultats per accedir a l&#8217;ensenyament esportiu de qualitat o es troben algunes traves administratives que els dificulta desenvolupar el seu projecte de vida. Per contrarestar aquesta situaci\u00f3 de desavantatge, SPEY pret\u00e9n refor\u00e7ar els recursos personals com ara l\u2019autoestima mitjan\u00e7ant una narrativa alternativa a la viol\u00e8ncia i fomentant la inclusi\u00f3 social.<\/p>\n<p>SPEY \u00e9s un projecte de la UFEC, cofinan\u00e7at per la Comissi\u00f3 Europea, i dut a terme per un grup de partners format per organitzacions de diferents camps de Fran\u00e7a, Su\u00e8cia, Portugal, Espanya, Let\u00f2nia, Gr\u00e8cia i Alemanya.<\/p>\n","protected":false},"excerpt":{"rendered":"<p>Els joves del projecte SPEY (Sport for Prevention of Extremism i Youth) han repr\u00e8s l&#8217;activitat en els camps de futbol despr\u00e9s de mesos de trobades digitals: el format estrella de la pand\u00e8mia. La UFEC ha creat quatre grups de joves en risc d&#8217;exclusi\u00f3 social per jugar a futbol repartits a l&#8217;\u00e0rea metropolitana de Barcelona. Els [&hellip;]<\/p>\n","protected":false},"author":2,"featured_media":467,"comment_status":"closed","ping_status":"closed","sticky":false,"template":"","format":"standard","meta":[],"categories":[1],"tags":[35,33,36,34,26,32],"_links":{"self":[{"href":"https:\/\/ufec.cat\/spey\/wp-json\/wp\/v2\/posts\/486"}],"collection":[{"href":"https:\/\/ufec.cat\/spey\/wp-json\/wp\/v2\/posts"}],"about":[{"href":"https:\/\/ufec.cat\/spey\/wp-json\/wp\/v2\/types\/post"}],"author":[{"embeddable":true,"href":"https:\/\/ufec.cat\/spey\/wp-json\/wp\/v2\/users\/2"}],"replies":[{"embeddable":true,"href":"https:\/\/ufec.cat\/spey\/wp-json\/wp\/v2\/comments?post=486"}],"version-history":[{"count":1,"href":"https:\/\/ufec.cat\/spey\/wp-json\/wp\/v2\/posts\/486\/revisions"}],"predecessor-version":[{"id":487,"href":"https:\/\/ufec.cat\/spey\/wp-json\/wp\/v2\/posts\/486\/revisions\/487"}],"wp:featuredmedia":[{"embeddable":true,"href":"https:\/\/ufec.cat\/spey\/wp-json\/wp\/v2\/media\/467"}],"wp:attachment":[{"href":"https:\/\/ufec.cat\/spey\/wp-json\/wp\/v2\/media?parent=486"}],"wp:term":[{"taxonomy":"category","embeddable":true,"href":"https:\/\/ufec.cat\/spey\/wp-json\/wp\/v2\/categories?post=486"},{"taxonomy":"post_tag","embeddable":true,"href":"https:\/\/ufec.cat\/spey\/wp-json\/wp\/v2\/tags?post=486"}],"curies":[{"name":"wp","href":"https:\/\/api.w.org\/{rel}","templated":true}]}}