{"id":749,"date":"2022-04-20T11:34:11","date_gmt":"2022-04-20T09:34:11","guid":{"rendered":"https:\/\/ufec.cat\/spey\/news\/on-april-28th-spey-organizes-a-conference-in-cordoba-about-extremism-and-violence-in-sports\/"},"modified":"2022-04-20T11:38:03","modified_gmt":"2022-04-20T09:38:03","slug":"on-april-28th-spey-organizes-a-conference-in-cordoba-about-extremism-and-violence-in-sports","status":"publish","type":"post","link":"https:\/\/ufec.cat\/spey\/news\/on-april-28th-spey-organizes-a-conference-in-cordoba-about-extremism-and-violence-in-sports\/","title":{"rendered":"On April 28th, SPEY organizes a conference in C\u00f3rdoba about extremism and violence in sports"},"content":{"rendered":"<p>Next <strong>Thursday, April 28th<\/strong>, will take place in the framework of the European project <strong>SPEY<\/strong> (Sport for the Prevention of Extremism in Youth), led by the UFEC, the workshop &#8216;Violent extremism and sport&#8217; in the <strong>Hall of Degrees of the Faculty of Education of the University of C\u00f3rdoba<\/strong> (c \/ San Alberto Magno, s \/ n.).<\/p>\n<p>&nbsp;<\/p>\n<p>The activity, <strong>open to everyone with free registration<\/strong>, aims to be a forum for analysis around the intersection between violent extremism and sport. With the presence of different experts and institutions, there will be an update and exchange on the prevention of violent extremism through sport, emphasizing youth and vulnerable groups, the role of cities and civil society, the supranational perspective, as well as security at major sporting events and shows.<\/p>\n<p>&nbsp;<\/p>\n<p><strong>Program of the workshop<\/strong><\/p>\n<p>The event will begin at 10 am with a brief presentation of the workshop, which will give way to the first round table of the day: &#8216;Sport as a resource for the primary prevention of violent extremism&#8217;, with the participation of Jos\u00e9 Mar\u00eda Mart\u00edn Criado, from the coexistence and equality service of the Ministry of Education and Sport of Andalusia; Juan de Dios Ben\u00edtez-Sillero, of the Department of Specific Didactics of the University of C\u00f3rdoba (UCO); Juan Calmaestra, from the Department of Psychology at the UCO; and Azahara Blanco, from Guadalquivir Secondary School. This table will be moderated by Marta Dom\u00ednguez, director of UCODEPORTE.<\/p>\n<p>The second table \u2018Sports federations for the improvement of coexistence and the prevention of violent extremism\u2019 will be led by the president of the UFEC, Gerard Esteva; and the president of the Andalusian Confederation of Sports Federations (CAFD), Alfonso Escribano. It will be moderated by Milena de Murga, creator of the SPEY project and director of the Department of Social and International Projects at the UFEC.<\/p>\n<p><img loading=\"lazy\" class=\"alignnone wp-image-745 size-large\" src=\"https:\/\/ufec.cat\/spey\/wp-content\/uploads\/2022\/04\/Jornada-Cordova-Triptic_page-0002-1024x724.jpg\" alt=\"\" width=\"848\" height=\"600\" srcset=\"https:\/\/ufec.cat\/spey\/wp-content\/uploads\/2022\/04\/Jornada-Cordova-Triptic_page-0002-1024x724.jpg 1024w, https:\/\/ufec.cat\/spey\/wp-content\/uploads\/2022\/04\/Jornada-Cordova-Triptic_page-0002-300x212.jpg 300w, https:\/\/ufec.cat\/spey\/wp-content\/uploads\/2022\/04\/Jornada-Cordova-Triptic_page-0002-768x543.jpg 768w, https:\/\/ufec.cat\/spey\/wp-content\/uploads\/2022\/04\/Jornada-Cordova-Triptic_page-0002-1536x1086.jpg 1536w, https:\/\/ufec.cat\/spey\/wp-content\/uploads\/2022\/04\/Jornada-Cordova-Triptic_page-0002-2048x1448.jpg 2048w, https:\/\/ufec.cat\/spey\/wp-content\/uploads\/2022\/04\/Jornada-Cordova-Triptic_page-0002-848x600.jpg 848w, https:\/\/ufec.cat\/spey\/wp-content\/uploads\/2022\/04\/Jornada-Cordova-Triptic_page-0002-1140x806.jpg 1140w, https:\/\/ufec.cat\/spey\/wp-content\/uploads\/2022\/04\/Jornada-Cordova-Triptic_page-0002-1170x827.jpg 1170w, https:\/\/ufec.cat\/spey\/wp-content\/uploads\/2022\/04\/Jornada-Cordova-Triptic_page-0002-1920x1357.jpg 1920w\" sizes=\"(max-width: 848px) 100vw, 848px\" \/><\/p>\n<p>Afterwards, the SPEY project will be presented by some of its leaders and protagonists. In this table will take part Milena de Murga; Neus Arnal, educator and researcher of the project; Roberto M. Lobato, analyst at the Marbella International University Center; and Daniel Mateu, researcher and analyst at the University of C\u00f3rdoba.<\/p>\n<p>After the lunch break, the round table \u2018Violent extremism and sport: a supranational perspective\u2019 will be organized at 15:30 with the presence of Julio Andrade, director of the International Training Center for Authorities and Leaders of M\u00e1laga; Luis Macua, researcher and analyst; and Manuel Moyano, a researcher in the Department of Psychology at the UCO.<\/p>\n<p>Finally, the event will close with the conference \u2018Terrorism and sport\u2019 by Carlos Igualada, director of the International Observatory on Terrorism Studies (OIET). It will be presented by the President of the Social Council of the UCO, Fransico Mu\u00f1oz Usano.<\/p>\n<p>The event is open to everyone and registration is free, with a deadline of April 24th. Capacity is limited to 70 attendees, in strict order of registration. The organization will issue a certificate of attendance and will offer breakfast and lunch to all spectators. Registration at: <a href=\"https:\/\/docs.google.com\/forms\/d\/e\/1FAIpQLSds9HrXcBcuvv0oiJqlxkEZHNyU1qZsQbKYII36bX_4dHFFxQ\/viewform\">https:\/\/docs.google.com\/forms\/d\/e\/1FAIpQLSds9HrXcBcuvv0oiJqlxkEZHNyU1qZsQbKYII36bX_4dHFFxQ\/viewform<\/a><\/p>\n<p>&nbsp;<\/p>\n<p><strong>About the SPEY project<\/strong><\/p>\n<p>The SPEY project (Sport for the Prevention of Extremism in Youth) started in February 2020 led by the Union of Sports Federations of Catalonia. The project, co-financed by the European Commission, has a duration of 30 months, and has the support of 7 countries and 9 \u2018partners\u2019, including the Confederation of Sports of Sweden, the Union of Federations of Latvia, the International Council of Sport and Physical Education of Germany, the City Council of Gondomar of Portugal, the Ministry of Culture and Sport of Greece, the French \u2018think tank\u2019 Sport and Citizenship, and the University of C\u00f3rdoba.<\/p>\n","protected":false},"excerpt":{"rendered":"<p>Next Thursday, April 28th, will take place in the framework of the European project SPEY (Sport for the Prevention of Extremism in Youth), led by the UFEC, the workshop &#8216;Violent extremism and sport&#8217; in the Hall of Degrees of the Faculty of Education of the University of C\u00f3rdoba (c \/ San Alberto Magno, s \/ [&hellip;]<\/p>\n","protected":false},"author":8,"featured_media":743,"comment_status":"closed","ping_status":"closed","sticky":false,"template":"","format":"standard","meta":[],"categories":[71,69],"tags":[25,34,55,24,27],"_links":{"self":[{"href":"https:\/\/ufec.cat\/spey\/wp-json\/wp\/v2\/posts\/749"}],"collection":[{"href":"https:\/\/ufec.cat\/spey\/wp-json\/wp\/v2\/posts"}],"about":[{"href":"https:\/\/ufec.cat\/spey\/wp-json\/wp\/v2\/types\/post"}],"author":[{"embeddable":true,"href":"https:\/\/ufec.cat\/spey\/wp-json\/wp\/v2\/users\/8"}],"replies":[{"embeddable":true,"href":"https:\/\/ufec.cat\/spey\/wp-json\/wp\/v2\/comments?post=749"}],"version-history":[{"count":3,"href":"https:\/\/ufec.cat\/spey\/wp-json\/wp\/v2\/posts\/749\/revisions"}],"predecessor-version":[{"id":752,"href":"https:\/\/ufec.cat\/spey\/wp-json\/wp\/v2\/posts\/749\/revisions\/752"}],"wp:featuredmedia":[{"embeddable":true,"href":"https:\/\/ufec.cat\/spey\/wp-json\/wp\/v2\/media\/743"}],"wp:attachment":[{"href":"https:\/\/ufec.cat\/spey\/wp-json\/wp\/v2\/media?parent=749"}],"wp:term":[{"taxonomy":"category","embeddable":true,"href":"https:\/\/ufec.cat\/spey\/wp-json\/wp\/v2\/categories?post=749"},{"taxonomy":"post_tag","embeddable":true,"href":"https:\/\/ufec.cat\/spey\/wp-json\/wp\/v2\/tags?post=749"}],"curies":[{"name":"wp","href":"https:\/\/api.w.org\/{rel}","templated":true}]}}