{"id":769,"date":"2022-04-29T12:27:26","date_gmt":"2022-04-29T10:27:26","guid":{"rendered":"https:\/\/ufec.cat\/spey\/news\/spey-organizes-with-the-presence-of-experts-and-institutions-a-space-for-analysis-on-the-approach-to-extremism-in-sports\/"},"modified":"2022-05-02T08:17:06","modified_gmt":"2022-05-02T06:17:06","slug":"spey-organizes-with-the-presence-of-experts-and-institutions-a-space-for-analysis-on-the-approach-to-extremism-in-sports","status":"publish","type":"post","link":"https:\/\/ufec.cat\/spey\/news\/spey-organizes-with-the-presence-of-experts-and-institutions-a-space-for-analysis-on-the-approach-to-extremism-in-sports\/","title":{"rendered":"SPEY organizes, with the presence of experts and institutions, a space for analysis on the approach to extremism in sports"},"content":{"rendered":"<p>The <strong>SPEY project (Sport for the Prevention of Extremism in Youth)<\/strong>, led by the <strong>UFEC<\/strong>, held this Thursday, April 28, the workshop &#8216;Violent extremism and sport&#8217;, organized by the <strong>University of C\u00f3rdoba (UCO)<\/strong>. The event was a space for meeting and analysis around the intersection between violent extremism and sport, in order to propose tools to minimize the risk factors involved in the process of radicalization in youth.<\/p>\n<p>With the presence of different experts and institutions, emphasis has been placed on youth and vulnerable groups, the role of cities and civil society, the supranational perspective, as well as security at major sporting events and shows; all as determinants of risk in the radicalization of youth.<\/p>\n<p><img loading=\"lazy\" class=\"aligncenter wp-image-758 size-large\" src=\"https:\/\/ufec.cat\/spey\/wp-content\/uploads\/2022\/04\/DSC08809-1024x684.jpg\" alt=\"\" width=\"848\" height=\"566\" srcset=\"https:\/\/ufec.cat\/spey\/wp-content\/uploads\/2022\/04\/DSC08809-1024x684.jpg 1024w, https:\/\/ufec.cat\/spey\/wp-content\/uploads\/2022\/04\/DSC08809-300x200.jpg 300w, https:\/\/ufec.cat\/spey\/wp-content\/uploads\/2022\/04\/DSC08809-768x513.jpg 768w, https:\/\/ufec.cat\/spey\/wp-content\/uploads\/2022\/04\/DSC08809-1536x1027.jpg 1536w, https:\/\/ufec.cat\/spey\/wp-content\/uploads\/2022\/04\/DSC08809-848x567.jpg 848w, https:\/\/ufec.cat\/spey\/wp-content\/uploads\/2022\/04\/DSC08809-1140x762.jpg 1140w, https:\/\/ufec.cat\/spey\/wp-content\/uploads\/2022\/04\/DSC08809-1170x782.jpg 1170w, https:\/\/ufec.cat\/spey\/wp-content\/uploads\/2022\/04\/DSC08809.jpg 1616w\" sizes=\"(max-width: 848px) 100vw, 848px\" \/><\/p>\n<p>The day began with a presentation by the President of the UFEC, <strong>Gerard Esteva<\/strong>; the Vice-Rector for Inclusive Policy and University Life, <strong>Rosario M\u00e9rida<\/strong>; the dean of the Faculty of Education Sciences, <strong>Maria del Mar Garc\u00eda<\/strong>; and the vice-dean of Practicum of the Faculty of Education Sciences, <strong>Manuel Moyano.<\/strong><\/p>\n<p>Moyano highlighted the &#8220;pride&#8221; of organizing a day where the results of the &#8216;Sport for the Prevention of Extremism in Youth&#8217; project were presented. &#8221; In the 20th century, we are once again experiencing situations of violent extremism\u201d said the UCO Department of Psychology researcher, who added that sport&#8221; is a vector for both risk and prevention &#8220;.<\/p>\n<h4>Roundtables on the intersection of violent extremism and sport<\/h4>\n<p>The session continued with the roundtable: \u2018Sport as a resource for the primary prevention of violent extremism\u2019, with the participation of <strong>Jos\u00e9 Mar\u00eda Mart\u00edn Criado<\/strong>, from the coexistence and equality service of the Ministry of Education and Sport of Andalusia; <strong>Juan de Dios Ben\u00edtez-Sillero<\/strong>, of the Department of Specific Didactics of the University of C\u00f3rdoba (UCO);<strong> Juan Calmaestra<\/strong>, from the Department of Psychology at the UCO; and <strong>Azahara Blanco<\/strong>, from Guadalquivir Secondary School. This first intervention emphasized how sport and having positive sports references can be a good tool to prevent behaviours such as bullying, truancy, etc. This table has been moderated by Marta Dom\u00ednguez, director of UCODEPORTE.<\/p>\n<p><img loading=\"lazy\" class=\"aligncenter wp-image-760 size-large\" src=\"https:\/\/ufec.cat\/spey\/wp-content\/uploads\/2022\/04\/DSC08828-1024x684.jpg\" alt=\"\" width=\"848\" height=\"566\" srcset=\"https:\/\/ufec.cat\/spey\/wp-content\/uploads\/2022\/04\/DSC08828-1024x684.jpg 1024w, https:\/\/ufec.cat\/spey\/wp-content\/uploads\/2022\/04\/DSC08828-300x200.jpg 300w, https:\/\/ufec.cat\/spey\/wp-content\/uploads\/2022\/04\/DSC08828-768x513.jpg 768w, https:\/\/ufec.cat\/spey\/wp-content\/uploads\/2022\/04\/DSC08828-1536x1027.jpg 1536w, https:\/\/ufec.cat\/spey\/wp-content\/uploads\/2022\/04\/DSC08828-848x567.jpg 848w, https:\/\/ufec.cat\/spey\/wp-content\/uploads\/2022\/04\/DSC08828-1140x762.jpg 1140w, https:\/\/ufec.cat\/spey\/wp-content\/uploads\/2022\/04\/DSC08828-1170x782.jpg 1170w, https:\/\/ufec.cat\/spey\/wp-content\/uploads\/2022\/04\/DSC08828.jpg 1616w\" sizes=\"(max-width: 848px) 100vw, 848px\" \/><\/p>\n<p>Then, the role of sports federations in the prevention of violent extremism and the implementation of projects that promote social cohesion and non-violence were discussed. The president of the UFEC, <strong>Gerard Esteva<\/strong>, took part; and also, the president of the Andalusian Confederation of Sports Federations (CAFD), <strong>Alfonso Escribano<\/strong>; and the intervention was moderated by <strong>Milena de Murga<\/strong>, co-creator of the SPEY project and director of the Department of Social and International Projects at the UFEC.<\/p>\n<p>Later, the main aspects and progress of the SPEY project were presented to all attendees. An exhibition led by some of the people in charge and creators of the project, such as <strong>Milena de Murga; Neus Arnal<\/strong>, educator and researcher of the project; <strong>Roberto M. Lobato<\/strong>, analyst at the Marbella International University Center; and <strong>Daniel Mateu<\/strong>, co-creator of SPEY and collaborating researcher at the University of C\u00f3rdoba.<\/p>\n<p><img loading=\"lazy\" class=\"aligncenter wp-image-762 size-large\" src=\"https:\/\/ufec.cat\/spey\/wp-content\/uploads\/2022\/04\/DSC08826-1024x684.jpg\" alt=\"\" width=\"848\" height=\"566\" srcset=\"https:\/\/ufec.cat\/spey\/wp-content\/uploads\/2022\/04\/DSC08826-1024x684.jpg 1024w, https:\/\/ufec.cat\/spey\/wp-content\/uploads\/2022\/04\/DSC08826-300x200.jpg 300w, https:\/\/ufec.cat\/spey\/wp-content\/uploads\/2022\/04\/DSC08826-768x513.jpg 768w, https:\/\/ufec.cat\/spey\/wp-content\/uploads\/2022\/04\/DSC08826-1536x1027.jpg 1536w, https:\/\/ufec.cat\/spey\/wp-content\/uploads\/2022\/04\/DSC08826-848x567.jpg 848w, https:\/\/ufec.cat\/spey\/wp-content\/uploads\/2022\/04\/DSC08826-1140x762.jpg 1140w, https:\/\/ufec.cat\/spey\/wp-content\/uploads\/2022\/04\/DSC08826-1170x782.jpg 1170w, https:\/\/ufec.cat\/spey\/wp-content\/uploads\/2022\/04\/DSC08826.jpg 1616w\" sizes=\"(max-width: 848px) 100vw, 848px\" \/><\/p>\n<p>Finally, the issue of violent extremism and sport was addressed from a supranational perspective, with the presence of <strong>Julio Andrade<\/strong>, director of the International Training Center for Authorities and Leaders of M\u00e1laga; <strong>Luis Macua<\/strong>, researcher and analyst at the United Nations National Office; and <strong>Manuel Moyano<\/strong>, researcher in the Department of Psychology at the UCO. A table in which safer comprehensive measures have also been proposed in the field of sports, especially in their facilities, possible targets of terrorist actions due to their media coverage. Macua stressed that &#8220;the prevention of extremism is a priority for the United Nations, and initiatives such as SPEY, which already appears in our databases as a project of good practice in this field, are very interesting.&#8221;<\/p>\n<p>The event closed with the conference \u2018Terrorism and sport\u2019 by <strong>Carlos Igualada<\/strong>, director of the International Observatory on Terrorism Studies (OIET). Igualada reviewed how various terrorist organizations have used sporting events as a target, noting that &#8220;initiatives such as SPEY are a preventive benchmark for how to work violent extremism through sport.&#8221; It has been presented by the President of the Social Council of the UCO, Fransico Mu\u00f1oz Usano.<\/p>\n<p><img loading=\"lazy\" class=\"aligncenter wp-image-764 size-large\" src=\"https:\/\/ufec.cat\/spey\/wp-content\/uploads\/2022\/04\/DSC08840-1024x684.jpg\" alt=\"\" width=\"848\" height=\"566\" srcset=\"https:\/\/ufec.cat\/spey\/wp-content\/uploads\/2022\/04\/DSC08840-1024x684.jpg 1024w, https:\/\/ufec.cat\/spey\/wp-content\/uploads\/2022\/04\/DSC08840-300x200.jpg 300w, https:\/\/ufec.cat\/spey\/wp-content\/uploads\/2022\/04\/DSC08840-768x513.jpg 768w, https:\/\/ufec.cat\/spey\/wp-content\/uploads\/2022\/04\/DSC08840-1536x1027.jpg 1536w, https:\/\/ufec.cat\/spey\/wp-content\/uploads\/2022\/04\/DSC08840-848x567.jpg 848w, https:\/\/ufec.cat\/spey\/wp-content\/uploads\/2022\/04\/DSC08840-1140x762.jpg 1140w, https:\/\/ufec.cat\/spey\/wp-content\/uploads\/2022\/04\/DSC08840-1170x782.jpg 1170w, https:\/\/ufec.cat\/spey\/wp-content\/uploads\/2022\/04\/DSC08840.jpg 1616w\" sizes=\"(max-width: 848px) 100vw, 848px\" \/><\/p>\n<p>The event was held in the Hall of Degrees of the Faculty of Education of the University of C\u00f3rdoba and was attended by members of the state security forces and bodies, members of the Ministry of Education of the Junta de Andaluc\u00eda and students from the University of C\u00f3rdoba, among others. A day that, in addition to sharing information, has also served to create synergies for future collaborations.<\/p>\n<h4>SPEY, a project to prevent the radicalization of young people<\/h4>\n<p>The SPEY Project, led by the UFEC and co-funded by the European Commission, combines the practice of sport and the learning of transversal skills with the aim of minimizing the risk factors involved in the process of radicalization in young people.<\/p>\n<p>Understanding that extremism often uses social exclusion as a catalyst for certain hate speech. SPEY Project also seeks to improve the channels of integration and support network of people at risk of social exclusion while always maintaining a cross-cutting gender perspective. throughout the project.<\/p>\n<p><img loading=\"lazy\" class=\"aligncenter wp-image-777 size-large\" src=\"https:\/\/ufec.cat\/spey\/wp-content\/uploads\/2022\/04\/210728_SPEY_torneig-final-3-1024x768.jpg\" alt=\"\" width=\"848\" height=\"636\" srcset=\"https:\/\/ufec.cat\/spey\/wp-content\/uploads\/2022\/04\/210728_SPEY_torneig-final-3-1024x768.jpg 1024w, https:\/\/ufec.cat\/spey\/wp-content\/uploads\/2022\/04\/210728_SPEY_torneig-final-3-300x225.jpg 300w, https:\/\/ufec.cat\/spey\/wp-content\/uploads\/2022\/04\/210728_SPEY_torneig-final-3-768x576.jpg 768w, https:\/\/ufec.cat\/spey\/wp-content\/uploads\/2022\/04\/210728_SPEY_torneig-final-3-1536x1152.jpg 1536w, https:\/\/ufec.cat\/spey\/wp-content\/uploads\/2022\/04\/210728_SPEY_torneig-final-3-2048x1536.jpg 2048w, https:\/\/ufec.cat\/spey\/wp-content\/uploads\/2022\/04\/210728_SPEY_torneig-final-3-848x636.jpg 848w, https:\/\/ufec.cat\/spey\/wp-content\/uploads\/2022\/04\/210728_SPEY_torneig-final-3-1140x855.jpg 1140w, https:\/\/ufec.cat\/spey\/wp-content\/uploads\/2022\/04\/210728_SPEY_torneig-final-3-1170x878.jpg 1170w, https:\/\/ufec.cat\/spey\/wp-content\/uploads\/2022\/04\/210728_SPEY_torneig-final-3-1920x1440.jpg 1920w\" sizes=\"(max-width: 848px) 100vw, 848px\" \/><\/p>\n<p>Led by renowned academics, SPEY Project aims to produce tools which can measure the effectiveness of programs aimed at preventing extremism through sport. The SPEY project has the support of 7 countries and 9 \u2018partners\u2019, including the Confederation of Sports of Sweden, the Union of Federations of Latvia, the International Council of Sport and Physical Education of Germany, the City Council of Gondomar of Portugal, the Ministry of Culture and Sport of Greece, the French \u2018think tank\u2019 Sport and Citizenship, and the University of C\u00f3rdoba.<\/p>\n","protected":false},"excerpt":{"rendered":"<p>The SPEY project (Sport for the Prevention of Extremism in Youth), led by the UFEC, held this Thursday, April 28, the workshop &#8216;Violent extremism and sport&#8217;, organized by the University of C\u00f3rdoba (UCO). The event was a space for meeting and analysis around the intersection between violent extremism and sport, in order to propose tools [&hellip;]<\/p>\n","protected":false},"author":8,"featured_media":781,"comment_status":"closed","ping_status":"closed","sticky":false,"template":"","format":"standard","meta":[],"categories":[71,69],"tags":[73,25,34,24,27,26],"_links":{"self":[{"href":"https:\/\/ufec.cat\/spey\/wp-json\/wp\/v2\/posts\/769"}],"collection":[{"href":"https:\/\/ufec.cat\/spey\/wp-json\/wp\/v2\/posts"}],"about":[{"href":"https:\/\/ufec.cat\/spey\/wp-json\/wp\/v2\/types\/post"}],"author":[{"embeddable":true,"href":"https:\/\/ufec.cat\/spey\/wp-json\/wp\/v2\/users\/8"}],"replies":[{"embeddable":true,"href":"https:\/\/ufec.cat\/spey\/wp-json\/wp\/v2\/comments?post=769"}],"version-history":[{"count":7,"href":"https:\/\/ufec.cat\/spey\/wp-json\/wp\/v2\/posts\/769\/revisions"}],"predecessor-version":[{"id":786,"href":"https:\/\/ufec.cat\/spey\/wp-json\/wp\/v2\/posts\/769\/revisions\/786"}],"wp:featuredmedia":[{"embeddable":true,"href":"https:\/\/ufec.cat\/spey\/wp-json\/wp\/v2\/media\/781"}],"wp:attachment":[{"href":"https:\/\/ufec.cat\/spey\/wp-json\/wp\/v2\/media?parent=769"}],"wp:term":[{"taxonomy":"category","embeddable":true,"href":"https:\/\/ufec.cat\/spey\/wp-json\/wp\/v2\/categories?post=769"},{"taxonomy":"post_tag","embeddable":true,"href":"https:\/\/ufec.cat\/spey\/wp-json\/wp\/v2\/tags?post=769"}],"curies":[{"name":"wp","href":"https:\/\/api.w.org\/{rel}","templated":true}]}}